{"id":8471,"date":"2019-08-05T08:38:35","date_gmt":"2019-08-05T06:38:35","guid":{"rendered":"https:\/\/ibs.bialowieza.pl\/en\/?p=8471"},"modified":"2025-12-14T11:00:16","modified_gmt":"2025-12-14T10:00:16","slug":"05-08-2019-bison-photo-on-the-cover-of-the-global-change-biology","status":"publish","type":"post","link":"https:\/\/ibs.bialowieza.pl\/en\/05-08-2019-bison-photo-on-the-cover-of-the-global-change-biology\/","title":{"rendered":"05.08.2019 &#8211; Bison photo on the cover of the Global Change Biology"},"content":{"rendered":"<div><span class=\"tlid-translation translation\" lang=\"en\"><span title=\"\">A photo of European bison from the Bia\u0142owie\u017ca Forest by dr.<\/span> <span title=\"\">hab<\/span><span title=\"\">.<\/span> <span class=\"\" title=\"\">Rafa\u0142 Kowalczyk and the publication of MRI PAS staff as the leading topic on the cover of the latest issue of the journal Global Change Biology.<\/span><\/span><\/div>\n<div><img loading=\"lazy\" decoding=\"async\" class=\"aligncenter wp-image-8472 size-large\" src=\"https:\/\/ibs.bialowieza.pl\/en\/wp-content\/uploads\/sites\/2\/2019\/08\/GCB_ok\u0142adka-779x1024.jpg\" alt=\"\" width=\"779\" height=\"1024\" srcset=\"https:\/\/ibs.bialowieza.pl\/en\/wp-content\/uploads\/sites\/2\/2019\/08\/GCB_ok\u0142adka-779x1024.jpg 779w, https:\/\/ibs.bialowieza.pl\/en\/wp-content\/uploads\/sites\/2\/2019\/08\/GCB_ok\u0142adka-228x300.jpg 228w, https:\/\/ibs.bialowieza.pl\/en\/wp-content\/uploads\/sites\/2\/2019\/08\/GCB_ok\u0142adka-768x1010.jpg 768w, https:\/\/ibs.bialowieza.pl\/en\/wp-content\/uploads\/sites\/2\/2019\/08\/GCB_ok\u0142adka-300x394.jpg 300w, https:\/\/ibs.bialowieza.pl\/en\/wp-content\/uploads\/sites\/2\/2019\/08\/GCB_ok\u0142adka-600x789.jpg 600w, https:\/\/ibs.bialowieza.pl\/en\/wp-content\/uploads\/sites\/2\/2019\/08\/GCB_ok\u0142adka.jpg 1024w\" sizes=\"(max-width: 779px) 100vw, 779px\" \/><\/div>\n","protected":false},"excerpt":{"rendered":"<p>A photo of European bison from the Bia\u0142owie\u017ca Forest by dr. hab. Rafa\u0142 Kowalczyk and the publication of MRI PAS staff as the leading topic on the cover of the latest issue of the journal Global Change Biology.<\/p>\n","protected":false},"author":4,"featured_media":8472,"comment_status":"closed","ping_status":"open","sticky":false,"template":"","format":"standard","meta":{"_et_pb_use_builder":"","_et_pb_old_content":"","_et_gb_content_width":"","footnotes":""},"categories":[27],"tags":[],"class_list":["post-8471","post","type-post","status-publish","format-standard","has-post-thumbnail","hentry","category-mri-in-media"],"yoast_head":"<!-- This site is optimized with the Yoast SEO plugin v27.5 - https:\/\/yoast.com\/product\/yoast-seo-wordpress\/ -->\n<title>05.08.2019 - Bison photo on the cover of the Global Change Biology - Mammal Research Institute<\/title>\n<meta name=\"robots\" content=\"index, follow, max-snippet:-1, max-image-preview:large, max-video-preview:-1\" \/>\n<link rel=\"canonical\" href=\"https:\/\/ibs.bialowieza.pl\/en\/05-08-2019-bison-photo-on-the-cover-of-the-global-change-biology\/\" \/>\n<meta property=\"og:locale\" content=\"en_US\" \/>\n<meta property=\"og:type\" content=\"article\" \/>\n<meta property=\"og:title\" content=\"05.08.2019 - Bison photo on the cover of the Global Change Biology - Mammal Research Institute\" \/>\n<meta property=\"og:description\" content=\"A photo of European bison from the Bia\u0142owie\u017ca Forest by dr. hab. Rafa\u0142 Kowalczyk and the publication of MRI PAS staff as the leading topic on the cover of the latest issue of the journal Global Change Biology.\" \/>\n<meta property=\"og:url\" content=\"https:\/\/ibs.bialowieza.pl\/en\/05-08-2019-bison-photo-on-the-cover-of-the-global-change-biology\/\" \/>\n<meta property=\"og:site_name\" content=\"Mammal Research Institute\" \/>\n<meta property=\"article:published_time\" content=\"2019-08-05T06:38:35+00:00\" \/>\n<meta property=\"article:modified_time\" content=\"2025-12-14T10:00:16+00:00\" \/>\n<meta property=\"og:image\" content=\"https:\/\/ibs.bialowieza.pl\/en\/wp-content\/uploads\/sites\/2\/2019\/08\/GCB_ok\u0142adka.jpg\" \/>\n\t<meta property=\"og:image:width\" content=\"1024\" \/>\n\t<meta property=\"og:image:height\" content=\"1346\" \/>\n\t<meta property=\"og:image:type\" content=\"image\/jpeg\" \/>\n<meta name=\"author\" content=\"pstankiewicz\" \/>\n<meta name=\"twitter:card\" content=\"summary_large_image\" \/>\n<meta name=\"twitter:label1\" content=\"Written by\" \/>\n\t<meta name=\"twitter:data1\" content=\"pstankiewicz\" \/>\n<script type=\"application\/ld+json\" class=\"yoast-schema-graph\">{\"@context\":\"https:\\\/\\\/schema.org\",\"@graph\":[{\"@type\":\"Article\",\"@id\":\"https:\\\/\\\/ibs.bialowieza.pl\\\/en\\\/05-08-2019-bison-photo-on-the-cover-of-the-global-change-biology\\\/#article\",\"isPartOf\":{\"@id\":\"https:\\\/\\\/ibs.bialowieza.pl\\\/en\\\/05-08-2019-bison-photo-on-the-cover-of-the-global-change-biology\\\/\"},\"author\":{\"name\":\"pstankiewicz\",\"@id\":\"https:\\\/\\\/ibs.bialowieza.pl\\\/en\\\/#\\\/schema\\\/person\\\/addc4959b7ddfacdf628760d4a3c3c2e\"},\"headline\":\"05.08.2019 &#8211; Bison photo on the cover of the Global Change Biology\",\"datePublished\":\"2019-08-05T06:38:35+00:00\",\"dateModified\":\"2025-12-14T10:00:16+00:00\",\"mainEntityOfPage\":{\"@id\":\"https:\\\/\\\/ibs.bialowieza.pl\\\/en\\\/05-08-2019-bison-photo-on-the-cover-of-the-global-change-biology\\\/\"},\"wordCount\":51,\"image\":{\"@id\":\"https:\\\/\\\/ibs.bialowieza.pl\\\/en\\\/05-08-2019-bison-photo-on-the-cover-of-the-global-change-biology\\\/#primaryimage\"},\"thumbnailUrl\":\"https:\\\/\\\/ibs.bialowieza.pl\\\/en\\\/wp-content\\\/uploads\\\/sites\\\/2\\\/2019\\\/08\\\/GCB_ok\u0142adka.jpg\",\"articleSection\":[\"MRI in media\"],\"inLanguage\":\"en-US\"},{\"@type\":\"WebPage\",\"@id\":\"https:\\\/\\\/ibs.bialowieza.pl\\\/en\\\/05-08-2019-bison-photo-on-the-cover-of-the-global-change-biology\\\/\",\"url\":\"https:\\\/\\\/ibs.bialowieza.pl\\\/en\\\/05-08-2019-bison-photo-on-the-cover-of-the-global-change-biology\\\/\",\"name\":\"05.08.2019 - Bison photo on the cover of the Global Change Biology - Mammal Research Institute\",\"isPartOf\":{\"@id\":\"https:\\\/\\\/ibs.bialowieza.pl\\\/en\\\/#website\"},\"primaryImageOfPage\":{\"@id\":\"https:\\\/\\\/ibs.bialowieza.pl\\\/en\\\/05-08-2019-bison-photo-on-the-cover-of-the-global-change-biology\\\/#primaryimage\"},\"image\":{\"@id\":\"https:\\\/\\\/ibs.bialowieza.pl\\\/en\\\/05-08-2019-bison-photo-on-the-cover-of-the-global-change-biology\\\/#primaryimage\"},\"thumbnailUrl\":\"https:\\\/\\\/ibs.bialowieza.pl\\\/en\\\/wp-content\\\/uploads\\\/sites\\\/2\\\/2019\\\/08\\\/GCB_ok\u0142adka.jpg\",\"datePublished\":\"2019-08-05T06:38:35+00:00\",\"dateModified\":\"2025-12-14T10:00:16+00:00\",\"author\":{\"@id\":\"https:\\\/\\\/ibs.bialowieza.pl\\\/en\\\/#\\\/schema\\\/person\\\/addc4959b7ddfacdf628760d4a3c3c2e\"},\"breadcrumb\":{\"@id\":\"https:\\\/\\\/ibs.bialowieza.pl\\\/en\\\/05-08-2019-bison-photo-on-the-cover-of-the-global-change-biology\\\/#breadcrumb\"},\"inLanguage\":\"en-US\",\"potentialAction\":[{\"@type\":\"ReadAction\",\"target\":[\"https:\\\/\\\/ibs.bialowieza.pl\\\/en\\\/05-08-2019-bison-photo-on-the-cover-of-the-global-change-biology\\\/\"]}]},{\"@type\":\"ImageObject\",\"inLanguage\":\"en-US\",\"@id\":\"https:\\\/\\\/ibs.bialowieza.pl\\\/en\\\/05-08-2019-bison-photo-on-the-cover-of-the-global-change-biology\\\/#primaryimage\",\"url\":\"https:\\\/\\\/ibs.bialowieza.pl\\\/en\\\/wp-content\\\/uploads\\\/sites\\\/2\\\/2019\\\/08\\\/GCB_ok\u0142adka.jpg\",\"contentUrl\":\"https:\\\/\\\/ibs.bialowieza.pl\\\/en\\\/wp-content\\\/uploads\\\/sites\\\/2\\\/2019\\\/08\\\/GCB_ok\u0142adka.jpg\",\"width\":1024,\"height\":1346},{\"@type\":\"BreadcrumbList\",\"@id\":\"https:\\\/\\\/ibs.bialowieza.pl\\\/en\\\/05-08-2019-bison-photo-on-the-cover-of-the-global-change-biology\\\/#breadcrumb\",\"itemListElement\":[{\"@type\":\"ListItem\",\"position\":1,\"name\":\"Homepage\",\"item\":\"https:\\\/\\\/ibs.bialowieza.pl\\\/en\\\/\"},{\"@type\":\"ListItem\",\"position\":2,\"name\":\"MRI in media\",\"item\":\"https:\\\/\\\/ibs.bialowieza.pl\\\/en\\\/category\\\/mri-in-media\\\/\"},{\"@type\":\"ListItem\",\"position\":3,\"name\":\"05.08.2019 &#8211; Bison photo on the cover of the Global Change Biology\"}]},{\"@type\":\"WebSite\",\"@id\":\"https:\\\/\\\/ibs.bialowieza.pl\\\/en\\\/#website\",\"url\":\"https:\\\/\\\/ibs.bialowieza.pl\\\/en\\\/\",\"name\":\"Mammal Research Institute\",\"description\":\"Mammal Research Institute\",\"potentialAction\":[{\"@type\":\"SearchAction\",\"target\":{\"@type\":\"EntryPoint\",\"urlTemplate\":\"https:\\\/\\\/ibs.bialowieza.pl\\\/en\\\/?s={search_term_string}\"},\"query-input\":{\"@type\":\"PropertyValueSpecification\",\"valueRequired\":true,\"valueName\":\"search_term_string\"}}],\"inLanguage\":\"en-US\"},{\"@type\":\"Person\",\"@id\":\"https:\\\/\\\/ibs.bialowieza.pl\\\/en\\\/#\\\/schema\\\/person\\\/addc4959b7ddfacdf628760d4a3c3c2e\",\"name\":\"pstankiewicz\",\"image\":{\"@type\":\"ImageObject\",\"inLanguage\":\"en-US\",\"@id\":\"https:\\\/\\\/secure.gravatar.com\\\/avatar\\\/965c15a4c2511a024fb2d699c314a9d618548704a7a9257de07a79b8b98d25f6?s=96&d=mm&r=g\",\"url\":\"https:\\\/\\\/secure.gravatar.com\\\/avatar\\\/965c15a4c2511a024fb2d699c314a9d618548704a7a9257de07a79b8b98d25f6?s=96&d=mm&r=g\",\"contentUrl\":\"https:\\\/\\\/secure.gravatar.com\\\/avatar\\\/965c15a4c2511a024fb2d699c314a9d618548704a7a9257de07a79b8b98d25f6?s=96&d=mm&r=g\",\"caption\":\"pstankiewicz\"},\"url\":\"https:\\\/\\\/ibs.bialowieza.pl\\\/en\\\/author\\\/pstankiewicz\\\/\"}]}<\/script>\n<!-- \/ Yoast SEO plugin. -->","yoast_head_json":{"title":"05.08.2019 - Bison photo on the cover of the Global Change Biology - Mammal Research Institute","robots":{"index":"index","follow":"follow","max-snippet":"max-snippet:-1","max-image-preview":"max-image-preview:large","max-video-preview":"max-video-preview:-1"},"canonical":"https:\/\/ibs.bialowieza.pl\/en\/05-08-2019-bison-photo-on-the-cover-of-the-global-change-biology\/","og_locale":"en_US","og_type":"article","og_title":"05.08.2019 - Bison photo on the cover of the Global Change Biology - Mammal Research Institute","og_description":"A photo of European bison from the Bia\u0142owie\u017ca Forest by dr. hab. Rafa\u0142 Kowalczyk and the publication of MRI PAS staff as the leading topic on the cover of the latest issue of the journal Global Change Biology.","og_url":"https:\/\/ibs.bialowieza.pl\/en\/05-08-2019-bison-photo-on-the-cover-of-the-global-change-biology\/","og_site_name":"Mammal Research Institute","article_published_time":"2019-08-05T06:38:35+00:00","article_modified_time":"2025-12-14T10:00:16+00:00","og_image":[{"width":1024,"height":1346,"url":"https:\/\/ibs.bialowieza.pl\/en\/wp-content\/uploads\/sites\/2\/2019\/08\/GCB_ok\u0142adka.jpg","type":"image\/jpeg"}],"author":"pstankiewicz","twitter_card":"summary_large_image","twitter_misc":{"Written by":"pstankiewicz"},"schema":{"@context":"https:\/\/schema.org","@graph":[{"@type":"Article","@id":"https:\/\/ibs.bialowieza.pl\/en\/05-08-2019-bison-photo-on-the-cover-of-the-global-change-biology\/#article","isPartOf":{"@id":"https:\/\/ibs.bialowieza.pl\/en\/05-08-2019-bison-photo-on-the-cover-of-the-global-change-biology\/"},"author":{"name":"pstankiewicz","@id":"https:\/\/ibs.bialowieza.pl\/en\/#\/schema\/person\/addc4959b7ddfacdf628760d4a3c3c2e"},"headline":"05.08.2019 &#8211; Bison photo on the cover of the Global Change Biology","datePublished":"2019-08-05T06:38:35+00:00","dateModified":"2025-12-14T10:00:16+00:00","mainEntityOfPage":{"@id":"https:\/\/ibs.bialowieza.pl\/en\/05-08-2019-bison-photo-on-the-cover-of-the-global-change-biology\/"},"wordCount":51,"image":{"@id":"https:\/\/ibs.bialowieza.pl\/en\/05-08-2019-bison-photo-on-the-cover-of-the-global-change-biology\/#primaryimage"},"thumbnailUrl":"https:\/\/ibs.bialowieza.pl\/en\/wp-content\/uploads\/sites\/2\/2019\/08\/GCB_ok\u0142adka.jpg","articleSection":["MRI in media"],"inLanguage":"en-US"},{"@type":"WebPage","@id":"https:\/\/ibs.bialowieza.pl\/en\/05-08-2019-bison-photo-on-the-cover-of-the-global-change-biology\/","url":"https:\/\/ibs.bialowieza.pl\/en\/05-08-2019-bison-photo-on-the-cover-of-the-global-change-biology\/","name":"05.08.2019 - Bison photo on the cover of the Global Change Biology - Mammal Research Institute","isPartOf":{"@id":"https:\/\/ibs.bialowieza.pl\/en\/#website"},"primaryImageOfPage":{"@id":"https:\/\/ibs.bialowieza.pl\/en\/05-08-2019-bison-photo-on-the-cover-of-the-global-change-biology\/#primaryimage"},"image":{"@id":"https:\/\/ibs.bialowieza.pl\/en\/05-08-2019-bison-photo-on-the-cover-of-the-global-change-biology\/#primaryimage"},"thumbnailUrl":"https:\/\/ibs.bialowieza.pl\/en\/wp-content\/uploads\/sites\/2\/2019\/08\/GCB_ok\u0142adka.jpg","datePublished":"2019-08-05T06:38:35+00:00","dateModified":"2025-12-14T10:00:16+00:00","author":{"@id":"https:\/\/ibs.bialowieza.pl\/en\/#\/schema\/person\/addc4959b7ddfacdf628760d4a3c3c2e"},"breadcrumb":{"@id":"https:\/\/ibs.bialowieza.pl\/en\/05-08-2019-bison-photo-on-the-cover-of-the-global-change-biology\/#breadcrumb"},"inLanguage":"en-US","potentialAction":[{"@type":"ReadAction","target":["https:\/\/ibs.bialowieza.pl\/en\/05-08-2019-bison-photo-on-the-cover-of-the-global-change-biology\/"]}]},{"@type":"ImageObject","inLanguage":"en-US","@id":"https:\/\/ibs.bialowieza.pl\/en\/05-08-2019-bison-photo-on-the-cover-of-the-global-change-biology\/#primaryimage","url":"https:\/\/ibs.bialowieza.pl\/en\/wp-content\/uploads\/sites\/2\/2019\/08\/GCB_ok\u0142adka.jpg","contentUrl":"https:\/\/ibs.bialowieza.pl\/en\/wp-content\/uploads\/sites\/2\/2019\/08\/GCB_ok\u0142adka.jpg","width":1024,"height":1346},{"@type":"BreadcrumbList","@id":"https:\/\/ibs.bialowieza.pl\/en\/05-08-2019-bison-photo-on-the-cover-of-the-global-change-biology\/#breadcrumb","itemListElement":[{"@type":"ListItem","position":1,"name":"Homepage","item":"https:\/\/ibs.bialowieza.pl\/en\/"},{"@type":"ListItem","position":2,"name":"MRI in media","item":"https:\/\/ibs.bialowieza.pl\/en\/category\/mri-in-media\/"},{"@type":"ListItem","position":3,"name":"05.08.2019 &#8211; Bison photo on the cover of the Global Change Biology"}]},{"@type":"WebSite","@id":"https:\/\/ibs.bialowieza.pl\/en\/#website","url":"https:\/\/ibs.bialowieza.pl\/en\/","name":"Mammal Research Institute","description":"Mammal Research Institute","potentialAction":[{"@type":"SearchAction","target":{"@type":"EntryPoint","urlTemplate":"https:\/\/ibs.bialowieza.pl\/en\/?s={search_term_string}"},"query-input":{"@type":"PropertyValueSpecification","valueRequired":true,"valueName":"search_term_string"}}],"inLanguage":"en-US"},{"@type":"Person","@id":"https:\/\/ibs.bialowieza.pl\/en\/#\/schema\/person\/addc4959b7ddfacdf628760d4a3c3c2e","name":"pstankiewicz","image":{"@type":"ImageObject","inLanguage":"en-US","@id":"https:\/\/secure.gravatar.com\/avatar\/965c15a4c2511a024fb2d699c314a9d618548704a7a9257de07a79b8b98d25f6?s=96&d=mm&r=g","url":"https:\/\/secure.gravatar.com\/avatar\/965c15a4c2511a024fb2d699c314a9d618548704a7a9257de07a79b8b98d25f6?s=96&d=mm&r=g","contentUrl":"https:\/\/secure.gravatar.com\/avatar\/965c15a4c2511a024fb2d699c314a9d618548704a7a9257de07a79b8b98d25f6?s=96&d=mm&r=g","caption":"pstankiewicz"},"url":"https:\/\/ibs.bialowieza.pl\/en\/author\/pstankiewicz\/"}]}},"_links":{"self":[{"href":"https:\/\/ibs.bialowieza.pl\/en\/wp-json\/wp\/v2\/posts\/8471","targetHints":{"allow":["GET"]}}],"collection":[{"href":"https:\/\/ibs.bialowieza.pl\/en\/wp-json\/wp\/v2\/posts"}],"about":[{"href":"https:\/\/ibs.bialowieza.pl\/en\/wp-json\/wp\/v2\/types\/post"}],"author":[{"embeddable":true,"href":"https:\/\/ibs.bialowieza.pl\/en\/wp-json\/wp\/v2\/users\/4"}],"replies":[{"embeddable":true,"href":"https:\/\/ibs.bialowieza.pl\/en\/wp-json\/wp\/v2\/comments?post=8471"}],"version-history":[{"count":1,"href":"https:\/\/ibs.bialowieza.pl\/en\/wp-json\/wp\/v2\/posts\/8471\/revisions"}],"predecessor-version":[{"id":8473,"href":"https:\/\/ibs.bialowieza.pl\/en\/wp-json\/wp\/v2\/posts\/8471\/revisions\/8473"}],"wp:featuredmedia":[{"embeddable":true,"href":"https:\/\/ibs.bialowieza.pl\/en\/wp-json\/wp\/v2\/media\/8472"}],"wp:attachment":[{"href":"https:\/\/ibs.bialowieza.pl\/en\/wp-json\/wp\/v2\/media?parent=8471"}],"wp:term":[{"taxonomy":"category","embeddable":true,"href":"https:\/\/ibs.bialowieza.pl\/en\/wp-json\/wp\/v2\/categories?post=8471"},{"taxonomy":"post_tag","embeddable":true,"href":"https:\/\/ibs.bialowieza.pl\/en\/wp-json\/wp\/v2\/tags?post=8471"}],"curies":[{"name":"wp","href":"https:\/\/api.w.org\/{rel}","templated":true}]}}